{"id":9995,"date":"2021-07-26T16:38:54","date_gmt":"2021-07-26T16:38:54","guid":{"rendered":"http:\/\/www.pasadenahoy.com\/primero\/?p=9995"},"modified":"2021-07-26T16:38:56","modified_gmt":"2021-07-26T16:38:56","slug":"el-condado-informa-que-aumentan-las-hospitalizaciones-por-covid-19","status":"publish","type":"post","link":"http:\/\/www.pasadenahoy.com\/primero\/la-comunidad\/el-condado-informa-que-aumentan-las-hospitalizaciones-por-covid-19\/","title":{"rendered":"El condado informa que aumentan las hospitalizaciones por COVID-19"},"content":{"rendered":"\n<figure class=\"wp-block-image alignnone size-large\"><figure class=\"alignnone\"><img loading=\"lazy\" width=\"740\" height=\"400\" src=\"http:\/\/www.pasadenahoy.com\/primero\/wp-content\/uploads\/2021\/07\/pic-7-3.jpg\" alt=\"\" class=\"wp-image-9996\" srcset=\"http:\/\/www.pasadenahoy.com\/primero\/wp-content\/uploads\/2021\/07\/pic-7-3.jpg 740w, http:\/\/www.pasadenahoy.com\/primero\/wp-content\/uploads\/2021\/07\/pic-7-3-300x162.jpg 300w, http:\/\/www.pasadenahoy.com\/primero\/wp-content\/uploads\/2021\/07\/pic-7-3-241x130.jpg 241w, http:\/\/www.pasadenahoy.com\/primero\/wp-content\/uploads\/2021\/07\/pic-7-3-333x180.jpg 333w, http:\/\/www.pasadenahoy.com\/primero\/wp-content\/uploads\/2021\/07\/pic-7-3-700x378.jpg 700w, http:\/\/www.pasadenahoy.com\/primero\/wp-content\/uploads\/2021\/07\/pic-7-3-360x195.jpg 360w, http:\/\/www.pasadenahoy.com\/primero\/wp-content\/uploads\/2021\/07\/pic-7-3-720x389.jpg 720w\" sizes=\"100vw\" \/><\/figure><\/figure>\n\n\n\n<p>El condado de Los \u00c1ngeles inform\u00f3 hoy 2.089 nuevos casos de COVID-19 y cuatro muertes adicionales, aunque las autoridades dijeron que la cantidad de casos y muertes probablemente refleje retrasos en los informes durante el fin de semana.<\/p>\n\n\n\n<p>El n\u00famero de pacientes con coronavirus en los hospitales del condado sigui\u00f3 aumentando el domingo, aumentando a 745 desde los 716 del d\u00eda anterior, seg\u00fan cifras estatales. Hab\u00eda 161 pacientes con COVID-19 en cuidados intensivos, frente a los 154 del s\u00e1bado.<\/p>\n\n\n\n<p>Las cifras del domingo elevan los totales del condado a 1.281.760 casos y 24.624 muertes desde que comenz\u00f3 la pandemia, seg\u00fan el Departamento de Salud P\u00fablica del Condado de Los \u00c1ngeles.<\/p>\n\n\n\n<p>Los funcionarios de salud han culpado repetidamente del reciente aumento de casos a la variante Delta altamente infecciosa del virus. La variante se descubri\u00f3 por primera vez en India y se le atribuye la proliferaci\u00f3n de infecciones en ese pa\u00eds, junto con los brotes en el Reino Unido. Ahora se est\u00e1 extendiendo por los Estados Unidos, lo que contribuye al aumento del n\u00famero de casos y hospitalizaciones.<\/p>\n\n\n\n<p>La tasa de aumento de casos en el condado entre el 3 y el 16 de julio fue del 135%. La tasa de positividad de la prueba diaria del domingo fue del 4,8%, una ligera disminuci\u00f3n del 4,9% del s\u00e1bado.<\/p>\n\n\n\n<p>El Departamento de Salud se\u00f1al\u00f3 la semana pasada que las personas no vacunadas se est\u00e1n infectando con una tasa de transmisi\u00f3n cinco veces superior a la de hace un mes.<\/p>\n\n\n\n<p>La directora de Salud P\u00fablica, la Dra. Barbara Ferrer, dio a conocer cifras el jueves que muestran que las personas completamente vacunadas tampoco son inmunes a contraer el virus, lo que representa el 20% de todas las infecciones durante junio. Pero enfatiz\u00f3 que gracias a las vacunas, la gran mayor\u00eda de esas personas no se enferman gravemente ni est\u00e1n hospitalizadas. Y dijo que sin las vacunas la situaci\u00f3n ser\u00eda mucho peor.<\/p>\n\n\n\n<p>\u201cSi no tuvi\u00e9ramos 5.3 millones de personas completamente vacunadas en L.A.<br>Condado, probablemente estar\u00edamos viendo casi el doble de casos hoy \u201d, dijo Ferrer el viernes. \u201cA medida que los casos contin\u00faan aumentando, muchos de nosotros estamos tratando de averiguar qu\u00e9 pasos tomar para minimizar la exposici\u00f3n al virus. Para aquellos elegibles y a\u00fan no vacunados, ahora ser\u00eda un momento importante para recibir su vacuna porque nuestras tres vacunas ofrecen mucha protecci\u00f3n a la persona vacunada y tambi\u00e9n ralentizan la propagaci\u00f3n.<\/p>\n\n\n\n<p>&#8220;Para todos, las precauciones de sentido com\u00fan que incluyen el uso de enmascaramiento en interiores, el lavado de manos frecuente y evitar las multitudes reducir\u00e1n el riesgo y le permitir\u00e1n continuar disfrutando de las actividades que ama&#8221;<\/p>\n\n\n\n<p>Las cifras m\u00e1s recientes proporcionadas por el condado el jueves muestran que 5,3 millones de los 10,3 millones de residentes del condado est\u00e1n completamente vacunados, una tasa de aproximadamente el 52%. Aproximadamente 1.3 millones de residentes del condado no son elegibles para recibir vacunas porque son menores de 12 a\u00f1os.<\/p>\n\n\n\n<p>Ferrer destac\u00f3 la protecci\u00f3n que ofrecen las vacunas, a pesar de la<br>un n\u00famero cada vez mayor de personas vacunadas que se infectan, comparando su eficacia con el cintur\u00f3n de seguridad de un autom\u00f3vil.<\/p>\n\n\n\n<p>&#8220;Si bien los cinturones de seguridad no evitan todas las cosas malas que pueden suceder<br>durante un accidente automovil\u00edstico, brindan una excelente protecci\u00f3n, tanto que todos los usamos de manera rutinaria \u201d, dijo. \u201cRealmente no tendr\u00eda sentido no usar el cintur\u00f3n de seguridad solo porque no previene todas las lesiones por accidentes automovil\u00edsticos. Rechazar una vacuna COVID porque no ofrece una protecci\u00f3n del 100% realmente ignora los poderosos beneficios que hemos experimentado de las personas que se han vacunado &#8220;.<\/p>\n\n\n\n<p>Los residentes j\u00f3venes negros y latinos siguen teniendo las tasas de vacunaci\u00f3n m\u00e1s bajas del condado.<\/p>\n\n\n\n<p>Los residentes negros tambi\u00e9n tuvieron la tasa m\u00e1s alta de nuevas infecciones durante el \u00faltimo mes, con 181 por cada 100,000 residentes. Los residentes latinos han tenido tradicionalmente una de las tasas de infecci\u00f3n m\u00e1s altas durante la pandemia, pero durante el mes pasado, los residentes blancos acumularon una tasa m\u00e1s alta, 83 por cada 100,000 residentes.<br>Los latinos ten\u00edan una tasa de infecci\u00f3n de 62 por cada 100.000 habitantes.<br>Los residentes negros tambi\u00e9n tuvieron la tasa m\u00e1s alta de hospitalizaciones durante el mes, seguidos por los latinos y los blancos.<\/p>\n\n\n\n<p>Con la esperanza de alentar a m\u00e1s personas a vacunarse, el condado contin\u00faa ofreciendo incentivos. Hasta el pr\u00f3ximo jueves, cualquier persona que se vacune en sitios operados por el condado, la ciudad de Los \u00c1ngeles o el St. John&#8217;s Well Child and Family Center tendr\u00e1 la oportunidad de ganar uno de los siete paquetes de boletos para tres conciertos en las sedes de AEG. para una variedad de actos.<\/p>\n","protected":false},"excerpt":{"rendered":"<p>El condado de Los \u00c1ngeles inform\u00f3 hoy 2.089 nuevos casos de COVID-19 y cuatro muertes adicionales, aunque las autoridades dijeron que la cantidad de casos y muertes probablemente refleje retrasos en los informes durante el fin de semana. El n\u00famero de pacientes con coronavirus en los hospitales del condado sigui\u00f3 aumentando el domingo, aumentando a 745 desde los 716 del d\u00eda anterior, seg\u00fan cifras estatales. Hab\u00eda 161 pacientes con COVID-19 en cuidados intensivos, frente a los 154 del s\u00e1bado. Las [&hellip;]<\/p>\n","protected":false},"author":4,"featured_media":0,"comment_status":"open","ping_status":"closed","sticky":false,"template":"","format":"standard","meta":[],"categories":[4],"tags":[],"acf":[],"_links":{"self":[{"href":"http:\/\/www.pasadenahoy.com\/primero\/wp-json\/wp\/v2\/posts\/9995"}],"collection":[{"href":"http:\/\/www.pasadenahoy.com\/primero\/wp-json\/wp\/v2\/posts"}],"about":[{"href":"http:\/\/www.pasadenahoy.com\/primero\/wp-json\/wp\/v2\/types\/post"}],"author":[{"embeddable":true,"href":"http:\/\/www.pasadenahoy.com\/primero\/wp-json\/wp\/v2\/users\/4"}],"replies":[{"embeddable":true,"href":"http:\/\/www.pasadenahoy.com\/primero\/wp-json\/wp\/v2\/comments?post=9995"}],"version-history":[{"count":2,"href":"http:\/\/www.pasadenahoy.com\/primero\/wp-json\/wp\/v2\/posts\/9995\/revisions"}],"predecessor-version":[{"id":9998,"href":"http:\/\/www.pasadenahoy.com\/primero\/wp-json\/wp\/v2\/posts\/9995\/revisions\/9998"}],"wp:attachment":[{"href":"http:\/\/www.pasadenahoy.com\/primero\/wp-json\/wp\/v2\/media?parent=9995"}],"wp:term":[{"taxonomy":"category","embeddable":true,"href":"http:\/\/www.pasadenahoy.com\/primero\/wp-json\/wp\/v2\/categories?post=9995"},{"taxonomy":"post_tag","embeddable":true,"href":"http:\/\/www.pasadenahoy.com\/primero\/wp-json\/wp\/v2\/tags?post=9995"}],"curies":[{"name":"wp","href":"https:\/\/api.w.org\/{rel}","templated":true}]}}